{"id":6548,"date":"2016-03-10T14:51:20","date_gmt":"2016-03-10T13:51:20","guid":{"rendered":"http:\/\/simonu.blog.lemonde.fr\/?p=6548"},"modified":"2016-03-10T14:51:20","modified_gmt":"2016-03-10T13:51:20","slug":"lorsque-le-vent-memporta","status":"publish","type":"post","link":"https:\/\/lecoursdelavie.com\/?p=6548","title":{"rendered":"Lorsque le vent m&#8217;emporta."},"content":{"rendered":"<h4 style=\"text-align:justify;\"><a href=\"http:\/\/simonuhome.files.wordpress.com\/2016\/03\/c9b1a-img_3639.jpg\"><img loading=\"lazy\" decoding=\"async\" class=\"alignleft size-medium wp-image-6549\" src=\"http:\/\/simonu.blog.lemonde.fr\/files\/2016\/03\/IMG_3639-230x300.jpg\" alt=\"IMG_3639\" width=\"230\" height=\"300\" \/><\/a><\/h4>\n<h4 style=\"text-align:justify;\"><em>La vie reprend ses droits.<\/em><\/h4>\n<h4 style=\"text-align:justify;\">Dans la pl\u00e9nitude et la beaut\u00e9 des choses.<\/h4>\n<h4 style=\"text-align:justify;\">L\u2019insouciance encore, alors que la vie tire \u00e0 sa fin. Il est tard. C\u2019est d\u00e9j\u00e0 le cr\u00e9puscule. Le soleil baisse, ses rayons s\u2019orangisent et se kumquatisent alors qu\u2019ils citronisaient, il y a quelques minutes seulement. Ils sont plus doux, moins acidul\u00e9s. Moins vifs, ils n\u2019agressent plus. Le regard se fait contemplatif en essayant\u00a0d&rsquo;imaginer, derri\u00e8re la lumi\u00e8re du couchant, s\u2019il existe une autre lumi\u00e8re. Bleue\u00a0?<\/h4>\n<h4 style=\"text-align:justify;\">Rien ne laissait deviner la suite. Tout \u00e9tait calme, la p\u00e9nombre \u00e9tait douce et la nuit s\u2019annon\u00e7ait accueillante lorsqu\u2019une bourrasque soudaine venue du n\u00e9ant m\u2019arracha comme un f\u00e9tu de paille. Une force inou\u00efe me d\u00e9racina et me fit plume l\u00e9g\u00e8re au vent. D\u2019abord un survol tranquille des toits, des arbres, puis une acc\u00e9l\u00e9ration soudaine.. Juste le temps de vivre l\u2019arrachement mais pas de r\u00e9fl\u00e9chir. Un moment que l\u2019on dit transitoire entre la vie et la mort. Bref. On voudrait prononcer des choses enfouies, la rafale brutale ne laisse pas le temps. C\u2019est d\u00e9j\u00e0 trop tard, il fallait s\u2019exprimer avant, personne ne saura jamais. Je sentis une accalmie, le vent venait de me d\u00e9poser sur un stratus. Est-ce une \u00e9tape dans l\u2019ascension finale\u00a0? Un observatoire entre ciel et terre, un dernier repos pour un dernier regard avant le dernier envol\u00a0?<\/h4>\n<h4 style=\"text-align:justify;\">De l\u00e0, je voyais les \u00e9toiles dans la nuit sid\u00e9rale. Rien de nouveau. L\u2019univers clignote toujours et le myst\u00e8re reste entier. Quelques filantes d\u00e9crochent puis disparaissent. O\u00f9\u00a0? Je n\u2019en sais rien. Elles passent comme elles ont toujours pass\u00e9. D\u00e9crochent, s\u2019enflamment, tracent et puis s&rsquo;\u00e9vaporent.<\/h4>\n<h4 style=\"text-align:justify;\">Sous les nuages, la terre est en perp\u00e9tuel remue-m\u00e9nage. D\u00e9sormais, les effets pervers dirigent le monde. Les d\u00e9couvertes s\u2019acc\u00e9l\u00e8rent et avec elles, un lot d\u2019effets contrariants, totalement ignor\u00e9s, r\u00e9pond en \u00e9cho pervers. Il d\u00e9range ce que l\u2019on voulait arranger, toujours sans avertir et sans aucune pr\u00e9vision.<\/h4>\n<h4 style=\"text-align:justify;\">L\u2019Europe n\u00e9gocie avec la Turquie pour qu\u2019elle freine ou tarisse le flot des migrants. Cela tiendra un temps. Comment voulez-vous contenir l\u2019eau qui se d\u00e9verse en continu\u00a0? Lorsque la terre est sutur\u00e9e, le flot inonde ou cherche un autre passage. Cela se terminera ainsi ou la Turquie explosera. L&rsquo;Europe avec elle, le monde peut-\u00eatre&#8230;<\/h4>\n<h4 style=\"text-align:justify;\">La science fait des pas de g\u00e9ants, la g\u00e9n\u00e9tique livre ses secrets, les apprentis sorciers veillent et tirent des plans insoup\u00e7onn\u00e9s sur des com\u00e8tes qui vont leur tomber sur la gueule.<\/h4>\n<h4 style=\"text-align:justify;\">Le rural se ruralise de plus en plus. Les m\u00e9decins sont devenus des commer\u00e7ants ordinaires. Le week-end et apr\u00e8s dix-neuf heures vous pouvez mourir tranquille. Le Numerus Clausus cens\u00e9 am\u00e9liorer la qualit\u00e9 de la m\u00e9decine engendre une p\u00e9nurie de praticiens compens\u00e9e par des docteurs venus d\u2019ailleurs, au cursus moins pointu.<\/h4>\n<h4 style=\"text-align:justify;\">Les gouvernements passent et tr\u00e9passent, tous sans exception. L\u2019avenir de la jeunesse est opaque. On encourage le CDD, la rue gronde, on veut taxer le CDD&#8230; On ne sait plus sur quel pied danser. La France \u00e0 bout de nerfs ne voit plus comment sauver le pays. Des dirigeants s\u2019annoncent, pleins d\u2019espoir mais un espoir prononc\u00e9 \u00e0 la langue de bois. On se demande ce qui les pousse \u00e0 y croire vraiment ou faire semblant\u2026 le monde est en d\u00e9pression, la gu\u00e9rison n\u2019est pas pour demain. Peut-\u00eatre au bout d\u2019une explosion faudra-t-il reconstruire sur des ruines\u2026<\/h4>\n<h4 style=\"text-align:justify;\">Le bon sens a d\u00e9sert\u00e9 la Terre.<\/h4>\n<h4 style=\"text-align:justify;\">Tiens, l\u00e0-bas, dans le coin d\u2019une rue, une dispute. Deux potes se chamaillent\u00a0:<\/h4>\n<h4 style=\"text-align:justify;\">&#8211; Arr\u00eate\u00a0! J\u2019ai toujours pens\u00e9 que tu \u00e9tais un peu marteau\u00a0!<br \/>\n&#8211;\u00a0\u00c7a m\u2019\u00e9tonnerait fort, je n\u2019ai jamais plant\u00e9 un clou de ma vie\u00a0!<\/h4>\n<h4 style=\"text-align:justify;\">Entre premier et deuxi\u00e8me degr\u00e9 on ne sait plus \u00e0 quel \u00e9tage se situer. Etre marteau utile pour enfoncer des pointes ou toc-toc\u00a0? On se c\u00f4toie, on se croise, il y a toujours un coin d\u2019ombre, quelque chose d\u2019insaisissable qui vous renvoie dans les cordes, une esquive qui emp\u00eache la rencontre.<\/h4>\n<h4 style=\"text-align:justify;\">Pos\u00e9\u00a0sur les nuages, loin de tout, on a le sentiment\u00a0de dominer et de comprendre.<\/h4>\n<h4 style=\"text-align:justify;\">Une rafale impressionnante s\u2019annonce un peu plus bas. Je m\u2019appr\u00eate \u00e0 partir je ne sais o\u00f9\u2026 Bient\u00f4t je serai loin, tr\u00e8s loin dans l\u2019infini. Que me restera-t-il\u00a0? Puis un \u00e9norme fracas. Le vent vient d\u2019emporter quelque chose dans la cour. Je me r\u00e9veille en sursaut.<\/h4>\n<h4 style=\"text-align:justify;\">Assis sur le lit dans la p\u00e9nombre, je ne sais plus. Je ne suis plus s\u00fbr de rien. Me voil\u00e0 de retour dans la barque chahut\u00e9e par les flots au gr\u00e9 du vent.<\/h4>\n<h4 style=\"text-align:justify;\">Un grand \u00ab\u00a0Ouf\u00a0!\u00a0\u00bb de soulagement\u00a0:<br \/>\nVivre encore un peu dans la tourmente lorsque l\u2019on croit au n\u00e9ant.<\/h4>\n<h4 style=\"text-align:justify;\">Plut\u00f4t la vie chaotique que le vide, le rien. Mais le n\u00e9ant n&rsquo;est ni le vide ni le rien, il est ineffable, inimaginable, inconcevable. On le dit, c&rsquo;est un mot. Comment le d\u00e9finir\u00a0? On peut le penser, l&rsquo;inventer, l&rsquo;habiller de faux, c&rsquo;est un monde qui n&rsquo;existe pas. C&rsquo;est un concept, un abstrait. Le n\u00e9ant\u00a0est invention pure\u00a0et se vit\u00a0de son vivant&#8230; Apr\u00e8s c&rsquo;est trop tard. Comme l&rsquo;absence de mouvement sans rep\u00e8re, est-il absence de tout ou de lui m\u00eame ?\u00a0Un truc \u00e0 vous prendre la t\u00eate avant de la vider. Parler de rien, de vide, on\u00a0a une vision&#8230;\u00a0parler du n\u00e9ant c&rsquo;est dire des mots sans rien voir, sans savoir, sans rien comprendre&#8230; vous savez, vous, ce qu&rsquo;est le n\u00e9ant ?<\/h4>\n<h4 style=\"text-align:justify;\">Alors, broder sur la vie, oui&#8230; l&rsquo;apr\u00e8s ne nous appartient pas.<\/h4>\n<h4><a href=\"http:\/\/simonuhome.files.wordpress.com\/2016\/03\/4ce22-img_3642.jpg\"><img loading=\"lazy\" decoding=\"async\" class=\"alignleft size-medium wp-image-6553\" src=\"http:\/\/simonu.blog.lemonde.fr\/files\/2016\/03\/IMG_3642-300x229.jpg\" alt=\"IMG_3642\" width=\"300\" height=\"229\" \/><\/a> <a href=\"http:\/\/simonuhome.files.wordpress.com\/2016\/03\/2d76e-img_3626.jpg\"><img loading=\"lazy\" decoding=\"async\" class=\"alignleft size-medium wp-image-6551\" src=\"http:\/\/simonu.blog.lemonde.fr\/files\/2016\/03\/IMG_3626-300x234.jpg\" alt=\"IMG_3626\" width=\"300\" height=\"234\" \/><\/a><em>D&rsquo;autres vies s&rsquo;annoncent&#8230;<br \/>\n(Cliquer sur les photos)<br \/>\n<\/em><\/h4>\n<p>&nbsp;<\/p>\n<p>&nbsp;<\/p>\n","protected":false},"excerpt":{"rendered":"<p>La vie reprend ses droits. Dans la pl\u00e9nitude et la beaut\u00e9 des choses. L\u2019insouciance encore, alors que la vie tire \u00e0 sa fin. Il est tard. C\u2019est d\u00e9j\u00e0 le cr\u00e9puscule. Le soleil baisse, ses rayons s\u2019orangisent et se kumquatisent alors qu\u2019ils citronisaient, il y a quelques minutes seulement. Ils sont plus doux, moins acidul\u00e9s. Moins<a class=\"more-link\" href=\"https:\/\/lecoursdelavie.com\/?p=6548\">Lire la suite de <span class=\"screen-reader-text\">\u00ab\u00a0Lorsque le vent m&#8217;emporta.\u00a0\u00bb<\/span><\/a><\/p>\n","protected":false},"author":1,"featured_media":0,"comment_status":"open","ping_status":"closed","sticky":false,"template":"","format":"standard","meta":{"_crdt_document":"","_monsterinsights_skip_tracking":false,"_monsterinsights_sitenote_active":false,"_monsterinsights_sitenote_note":"","_monsterinsights_sitenote_category":0,"_jetpack_newsletter_access":"","_jetpack_dont_email_post_to_subs":false,"_jetpack_newsletter_tier_id":0,"_jetpack_memberships_contains_paywalled_content":false,"_jetpack_memberships_contains_paid_content":false,"footnotes":"","jetpack_publicize_message":"","jetpack_publicize_feature_enabled":true,"jetpack_social_post_already_shared":false,"jetpack_social_options":{"image_generator_settings":{"template":"highway","default_image_id":0,"font":"","enabled":false},"version":2},"jetpack_post_was_ever_published":false},"categories":[2],"tags":[540,196,1231,1477],"class_list":["post-6548","post","type-post","status-publish","format-standard","hentry","category-actualite","tag-entre-reve-et-realite","tag-etat-du-monde","tag-medecine","tag-politique"],"aioseo_notices":[],"jetpack_publicize_connections":[],"jetpack_featured_media_url":"","jetpack_likes_enabled":true,"jetpack_shortlink":"https:\/\/wp.me\/paTogX-1HC","jetpack_sharing_enabled":true,"_links":{"self":[{"href":"https:\/\/lecoursdelavie.com\/index.php?rest_route=\/wp\/v2\/posts\/6548","targetHints":{"allow":["GET"]}}],"collection":[{"href":"https:\/\/lecoursdelavie.com\/index.php?rest_route=\/wp\/v2\/posts"}],"about":[{"href":"https:\/\/lecoursdelavie.com\/index.php?rest_route=\/wp\/v2\/types\/post"}],"author":[{"embeddable":true,"href":"https:\/\/lecoursdelavie.com\/index.php?rest_route=\/wp\/v2\/users\/1"}],"replies":[{"embeddable":true,"href":"https:\/\/lecoursdelavie.com\/index.php?rest_route=%2Fwp%2Fv2%2Fcomments&post=6548"}],"version-history":[{"count":0,"href":"https:\/\/lecoursdelavie.com\/index.php?rest_route=\/wp\/v2\/posts\/6548\/revisions"}],"wp:attachment":[{"href":"https:\/\/lecoursdelavie.com\/index.php?rest_route=%2Fwp%2Fv2%2Fmedia&parent=6548"}],"wp:term":[{"taxonomy":"category","embeddable":true,"href":"https:\/\/lecoursdelavie.com\/index.php?rest_route=%2Fwp%2Fv2%2Fcategories&post=6548"},{"taxonomy":"post_tag","embeddable":true,"href":"https:\/\/lecoursdelavie.com\/index.php?rest_route=%2Fwp%2Fv2%2Ftags&post=6548"}],"curies":[{"name":"wp","href":"https:\/\/api.w.org\/{rel}","templated":true}]}}