{"id":61992,"date":"2026-04-12T13:31:56","date_gmt":"2026-04-12T13:31:56","guid":{"rendered":"https:\/\/lecoursdelavie.com\/?p=61992"},"modified":"2026-04-12T13:31:58","modified_gmt":"2026-04-12T13:31:58","slug":"cette-humanite-que-je-deteste","status":"publish","type":"post","link":"https:\/\/lecoursdelavie.com\/?p=61992","title":{"rendered":"Cette humanit\u00e9 que je d\u00e9teste."},"content":{"rendered":"\n<p class=\"wp-block-paragraph\">Il y a l&rsquo;humanit\u00e9, le monde des hommes et l&rsquo;humanit\u00e9, le regard humain, ce sentiment compassionnel \u00e0 l&rsquo;\u00e9gard de ses semblables, c&rsquo;est cette derni\u00e8re assertion que j&rsquo;\u00e9voque.<\/p>\n\n\n\n<p class=\"wp-block-paragraph\">Si un jour, je sombrais dans une de ces maladies qui nous plongent dans la d\u00e9pendance et l&rsquo;obscurit\u00e9, je souhaiterais que quelqu&rsquo;un m&rsquo;envoie ad patres car je n&rsquo;ai aucune envie d&#8217;empi\u00e9ter sur la vie des proches.<br>Je suis n\u00e9 pour vivre en toute conscience, non pour \u00eatre assist\u00e9 dans une totale absence.<br><br>A quoi bon poursuivre une vie v\u00e9g\u00e9tative si je ne sais plus qui je suis, o\u00f9 je suis, ce que je fais, qui vous \u00eates, si j&rsquo;ignore l&rsquo;ici et maintenant, si j&rsquo;ai oubli\u00e9 le sens du vivre ? <br>Si l&rsquo;on me nourrit, m&rsquo;abreuve comme on entretient une plante,<br>Si je ne pousse plus, si je v\u00e9g\u00e8te, <br>Si je ne fleuris plus, si je me fane, si ma frondaison fl\u00e9trit, si j&rsquo;ai le visage de l&rsquo;indiff\u00e9rence et le regard perdu, <br>Si j&rsquo;ai les yeux vides qui visent sans voir et sans comprendre, si mes mouvements et mes actions deviennent insens\u00e9s, si le temps s&rsquo;en est all\u00e9 et a d\u00e9sert\u00e9 mon entendement, <br>Si plus rien n&rsquo;est pens\u00e9, n&rsquo;avance ou ne recule, si tout est machinal simplement guid\u00e9 par l&rsquo;intervention ext\u00e9rieure,<br>Alors, par piti\u00e9, pas \u00ab\u00a0d&rsquo;humanit\u00e9\u00a0\u00bb \u00e0 mon \u00e9gard.<br><br>Certains diront :<br> \u00ab\u00a0Il est dans son monde, il vit encore, qui sait s&rsquo;il pense toujours dans le secret de sa nouvelle condition ?\u00a0\u00bb <br>Ceux-l\u00e0 sont dispens\u00e9s de penser \u00e0 ma place.<br><br>Si au lieu de sagesse et de savoir, si j&rsquo;ai perdu usage et raison, si je retourne en petite section de maternelle, non pour apprendre mais parce que j&rsquo;ai tout oubli\u00e9, ne me faites pas jouer \u00e0 l&rsquo;automate, ne me faites pas de risettes, \u00e0 la fin d&rsquo;une l&rsquo;ann\u00e9e \u00e9hpadienne ou hospitali\u00e8re, je n&rsquo;aurai pas progress\u00e9, parvenu au bout de l&rsquo;usure ultime de la vie.<br>M&rsquo;accorder une sorte de prudence, une incertitude purement d\u00e9ontologique serait la pire chose \u00e0 m&rsquo;adresser. <br>De cette compassion abusivement humaniste, je n&rsquo;en veux pas. <br>Je ne saurai rien, vous vous pr\u00e9serveriez de mauvaise conscience.<br><br>On croit en dieu alors qu&rsquo;on ne sait rien de lui, on croira que je suis encore dans ce monde alors que mon entendement, propre de l&rsquo;homme comme le rire, aura fugu\u00e9.<br>Si je ne suis plus vivant pour savoir le jour, le sourire et les pleurs, il est temps que je m&rsquo;en aille, ne me gardez pas parmi vous.<br><\/p>\n\n\n\n<p class=\"wp-block-paragraph\">Ne brodez pas avec des oui mais, on n&rsquo;a pas le droit&#8230; Je vous donne ce droit d&rsquo;aider une loque \u00e0 partir bien avant que ses proches n&rsquo;osent plus la regarder et baissent les yeux.<br>La poign\u00e9e de jours, de mois peut-\u00eatre, l&rsquo;ann\u00e9e de plus dans un \u00e9tat larvaire qui ne deviendra jamais plus papillon&#8230; n&rsquo;est pas raisonnable.<br>Que les autres vivent leur temps, leurs jours sont plus pr\u00e9cieux, plus utiles qu&rsquo;\u00e0 jouer avec une marionnette que l&rsquo;on agite dans un castelet improvis\u00e9.<\/p>\n\n\n\n<p class=\"wp-block-paragraph\"><em>Il semblerait que la prot\u00e9ine prion intervienne dans la d\u00e9g\u00e9n\u00e9rescence c\u00e9r\u00e9brale, ne prions pas pour elle, cherchons \u00e0 comprendre comment la neutraliser, la rendre inoffensive, ce serait bien plus efficace qu&rsquo;un improbable salut venu du ciel.<\/em><\/p>\n\n\n\n<p class=\"wp-block-paragraph\">Image en titre : <br><em>Un peu de tendresse pour le vieux sage.<\/em> (feuilles de poirier en automne, sur pied)<\/p>\n\n\n\n<figure class=\"wp-block-image size-full\"><img loading=\"lazy\" decoding=\"async\" width=\"600\" height=\"547\" src=\"https:\/\/lecoursdelavie.com\/wp-content\/uploads\/2026\/04\/20031797_1394861450595465_724585423765073302_n.jpg\" alt=\"\" class=\"wp-image-64650\" srcset=\"https:\/\/lecoursdelavie.com\/wp-content\/uploads\/2026\/04\/20031797_1394861450595465_724585423765073302_n.jpg 600w, https:\/\/lecoursdelavie.com\/wp-content\/uploads\/2026\/04\/20031797_1394861450595465_724585423765073302_n-300x274.jpg 300w\" sizes=\"auto, (max-width: 600px) 100vw, 600px\" \/><\/figure>\n\n\n\n<figure class=\"wp-block-image size-full\"><img loading=\"lazy\" decoding=\"async\" width=\"481\" height=\"365\" src=\"https:\/\/lecoursdelavie.com\/wp-content\/uploads\/2026\/04\/Anaphore.jpg\" alt=\"\" class=\"wp-image-64672\" srcset=\"https:\/\/lecoursdelavie.com\/wp-content\/uploads\/2026\/04\/Anaphore.jpg 481w, https:\/\/lecoursdelavie.com\/wp-content\/uploads\/2026\/04\/Anaphore-300x228.jpg 300w\" sizes=\"auto, (max-width: 481px) 100vw, 481px\" \/><\/figure>\n\n\n\n<p class=\"wp-block-paragraph\">Le th\u00e8me \u00ab\u00a0Cours de la vie\u00a0\u00bb me permet de voyager librement au fil du quotidien.<\/p>\n\n\n\n<p class=\"wp-block-paragraph\"><\/p>\n","protected":false},"excerpt":{"rendered":"<p>Il y a l&rsquo;humanit\u00e9, le monde des hommes et l&rsquo;humanit\u00e9, le regard humain, ce sentiment compassionnel \u00e0 l&rsquo;\u00e9gard de ses semblables, c&rsquo;est cette derni\u00e8re assertion que j&rsquo;\u00e9voque. Si un jour, je sombrais dans une de ces maladies qui nous plongent dans la d\u00e9pendance et l&rsquo;obscurit\u00e9, je souhaiterais que quelqu&rsquo;un m&rsquo;envoie ad patres car je n&rsquo;ai<a class=\"more-link\" href=\"https:\/\/lecoursdelavie.com\/?p=61992\">Lire la suite de <span class=\"screen-reader-text\">\u00ab\u00a0Cette humanit\u00e9 que je d\u00e9teste.\u00a0\u00bb<\/span><\/a><\/p>\n","protected":false},"author":1,"featured_media":64646,"comment_status":"open","ping_status":"open","sticky":false,"template":"","format":"standard","meta":{"_monsterinsights_skip_tracking":false,"_jetpack_newsletter_access":"","_jetpack_dont_email_post_to_subs":false,"_jetpack_newsletter_tier_id":0,"_jetpack_memberships_contains_paywalled_content":false,"_wpcom_ai_launchpad_first_post":false,"_jetpack_feature_clip_id":0,"_jetpack_memberships_contains_paid_content":false,"footnotes":"","jetpack_publicize_message":"","jetpack_publicize_feature_enabled":true,"jetpack_social_post_already_shared":true,"jetpack_social_options":{"image_generator_settings":{"template":"highway","default_image_id":0,"font":"","enabled":false},"version":2},"jetpack_post_was_ever_published":false},"categories":[34],"tags":[],"class_list":["post-61992","post","type-post","status-publish","format-standard","has-post-thumbnail","hentry","category-vie"],"aioseo_notices":[],"aioseo_head":"\n\t\t<!-- All in One SEO 5.0.1.1 - aioseo.com -->\n\t<meta name=\"description\" content=\"Il y a l&#039;humanit\u00e9, le monde des hommes et l&#039;humanit\u00e9, le regard humain, ce sentiment compassionnel \u00e0 l&#039;\u00e9gard de ses semblables, c&#039;est cette derni\u00e8re assertion que j&#039;\u00e9voque. Si un jour, je sombrais dans une de ces maladies qui nous plongent dans la d\u00e9pendance et l&#039;obscurit\u00e9, je souhaiterais que quelqu&#039;un m&#039;envoie ad patres car je n&#039;ai\" \/>\n\t<meta name=\"robots\" content=\"max-image-preview:large\" \/>\n\t<meta name=\"author\" content=\"aratasca\"\/>\n\t<link rel=\"canonical\" href=\"https:\/\/lecoursdelavie.com\/?p=61992\" \/>\n\t<meta name=\"generator\" content=\"All in One SEO (AIOSEO) 5.0.1.1\" \/>\n\t\t<meta property=\"og:locale\" content=\"fr_FR\" \/>\n\t\t<meta property=\"og:site_name\" content=\"Le cours de la vie - Par monts et par vaux, ici et maintenant mais nagu\u00e8re souvent aussi.\" \/>\n\t\t<meta property=\"og:type\" content=\"article\" \/>\n\t\t<meta property=\"og:title\" content=\"Cette humanit\u00e9 que je d\u00e9teste. - Le cours de la vie\" \/>\n\t\t<meta property=\"og:description\" content=\"Il y a l&#039;humanit\u00e9, le monde des hommes et l&#039;humanit\u00e9, le regard humain, ce sentiment compassionnel \u00e0 l&#039;\u00e9gard de ses semblables, c&#039;est cette derni\u00e8re assertion que j&#039;\u00e9voque. Si un jour, je sombrais dans une de ces maladies qui nous plongent dans la d\u00e9pendance et l&#039;obscurit\u00e9, je souhaiterais que quelqu&#039;un m&#039;envoie ad patres car je n&#039;ai\" \/>\n\t\t<meta property=\"og:url\" content=\"https:\/\/lecoursdelavie.com\/?p=61992\" \/>\n\t\t<meta property=\"article:published_time\" content=\"2026-04-12T13:31:56+00:00\" \/>\n\t\t<meta property=\"article:modified_time\" content=\"2026-04-12T13:31:58+00:00\" \/>\n\t\t<meta name=\"twitter:card\" content=\"summary\" \/>\n\t\t<meta name=\"twitter:title\" content=\"Cette humanit\u00e9 que je d\u00e9teste. - Le cours de la vie\" \/>\n\t\t<meta name=\"twitter:description\" content=\"Il y a l&#039;humanit\u00e9, le monde des hommes et l&#039;humanit\u00e9, le regard humain, ce sentiment compassionnel \u00e0 l&#039;\u00e9gard de ses semblables, c&#039;est cette derni\u00e8re assertion que j&#039;\u00e9voque. Si un jour, je sombrais dans une de ces maladies qui nous plongent dans la d\u00e9pendance et l&#039;obscurit\u00e9, je souhaiterais que quelqu&#039;un m&#039;envoie ad patres car je n&#039;ai\" \/>\n\t\t<script type=\"application\/ld+json\" class=\"aioseo-schema\">\n\t\t\t{\"@context\":\"https:\\\/\\\/schema.org\",\"@graph\":[{\"@type\":\"BlogPosting\",\"@id\":\"https:\\\/\\\/lecoursdelavie.com\\\/?p=61992#blogposting\",\"name\":\"Cette humanit\\u00e9 que je d\\u00e9teste. - Le cours de la vie\",\"headline\":\"Cette humanit\\u00e9 que je d\\u00e9teste.\",\"author\":{\"@id\":\"https:\\\/\\\/lecoursdelavie.com\\\/?author=1#author\"},\"publisher\":{\"@id\":\"https:\\\/\\\/lecoursdelavie.com\\\/#person\"},\"image\":{\"@type\":\"ImageObject\",\"url\":\"https:\\\/\\\/lecoursdelavie.com\\\/wp-content\\\/uploads\\\/2026\\\/04\\\/DSC_0076xm.jpg\",\"width\":686,\"height\":1024},\"datePublished\":\"2026-04-12T13:31:56+00:00\",\"dateModified\":\"2026-04-12T13:31:58+00:00\",\"inLanguage\":\"fr-FR\",\"commentCount\":2,\"mainEntityOfPage\":{\"@id\":\"https:\\\/\\\/lecoursdelavie.com\\\/?p=61992#webpage\"},\"isPartOf\":{\"@id\":\"https:\\\/\\\/lecoursdelavie.com\\\/?p=61992#webpage\"},\"articleSection\":\"vie\"},{\"@type\":\"BreadcrumbList\",\"@id\":\"https:\\\/\\\/lecoursdelavie.com\\\/?p=61992#breadcrumblist\",\"itemListElement\":[{\"@type\":\"ListItem\",\"@id\":\"https:\\\/\\\/lecoursdelavie.com#listItem\",\"position\":1,\"name\":\"Accueil\",\"item\":\"https:\\\/\\\/lecoursdelavie.com\",\"nextItem\":{\"@type\":\"ListItem\",\"@id\":\"https:\\\/\\\/lecoursdelavie.com\\\/?cat=34#listItem\",\"name\":\"vie\"}},{\"@type\":\"ListItem\",\"@id\":\"https:\\\/\\\/lecoursdelavie.com\\\/?cat=34#listItem\",\"position\":2,\"name\":\"vie\",\"item\":\"https:\\\/\\\/lecoursdelavie.com\\\/?cat=34\",\"nextItem\":{\"@type\":\"ListItem\",\"@id\":\"https:\\\/\\\/lecoursdelavie.com\\\/?p=61992#listItem\",\"name\":\"Cette humanit\\u00e9 que je d\\u00e9teste.\"},\"previousItem\":{\"@type\":\"ListItem\",\"@id\":\"https:\\\/\\\/lecoursdelavie.com#listItem\",\"name\":\"Accueil\"}},{\"@type\":\"ListItem\",\"@id\":\"https:\\\/\\\/lecoursdelavie.com\\\/?p=61992#listItem\",\"position\":3,\"name\":\"Cette humanit\\u00e9 que je d\\u00e9teste.\",\"previousItem\":{\"@type\":\"ListItem\",\"@id\":\"https:\\\/\\\/lecoursdelavie.com\\\/?cat=34#listItem\",\"name\":\"vie\"}}]},{\"@type\":\"Person\",\"@id\":\"https:\\\/\\\/lecoursdelavie.com\\\/#person\",\"name\":\"aratasca\",\"image\":{\"@type\":\"ImageObject\",\"@id\":\"https:\\\/\\\/lecoursdelavie.com\\\/?p=61992#personImage\",\"url\":\"https:\\\/\\\/secure.gravatar.com\\\/avatar\\\/bd2af96f3c29ed1dacbbe4ea54cc62e1b945a6adb06a804e612932aaf08ef3f3?s=96&d=mm&r=g\",\"width\":96,\"height\":96,\"caption\":\"aratasca\"}},{\"@type\":\"Person\",\"@id\":\"https:\\\/\\\/lecoursdelavie.com\\\/?author=1#author\",\"url\":\"https:\\\/\\\/lecoursdelavie.com\\\/?author=1\",\"name\":\"aratasca\",\"image\":{\"@type\":\"ImageObject\",\"@id\":\"https:\\\/\\\/lecoursdelavie.com\\\/?p=61992#authorImage\",\"url\":\"https:\\\/\\\/secure.gravatar.com\\\/avatar\\\/bd2af96f3c29ed1dacbbe4ea54cc62e1b945a6adb06a804e612932aaf08ef3f3?s=96&d=mm&r=g\",\"width\":96,\"height\":96,\"caption\":\"aratasca\"}},{\"@type\":\"WebPage\",\"@id\":\"https:\\\/\\\/lecoursdelavie.com\\\/?p=61992#webpage\",\"url\":\"https:\\\/\\\/lecoursdelavie.com\\\/?p=61992\",\"name\":\"Cette humanit\\u00e9 que je d\\u00e9teste. - Le cours de la vie\",\"description\":\"Il y a l'humanit\\u00e9, le monde des hommes et l'humanit\\u00e9, le regard humain, ce sentiment compassionnel \\u00e0 l'\\u00e9gard de ses semblables, c'est cette derni\\u00e8re assertion que j'\\u00e9voque. Si un jour, je sombrais dans une de ces maladies qui nous plongent dans la d\\u00e9pendance et l'obscurit\\u00e9, je souhaiterais que quelqu'un m'envoie ad patres car je n'ai\",\"inLanguage\":\"fr-FR\",\"isPartOf\":{\"@id\":\"https:\\\/\\\/lecoursdelavie.com\\\/#website\"},\"breadcrumb\":{\"@id\":\"https:\\\/\\\/lecoursdelavie.com\\\/?p=61992#breadcrumblist\"},\"author\":{\"@id\":\"https:\\\/\\\/lecoursdelavie.com\\\/?author=1#author\"},\"creator\":{\"@id\":\"https:\\\/\\\/lecoursdelavie.com\\\/?author=1#author\"},\"image\":{\"@type\":\"ImageObject\",\"url\":\"https:\\\/\\\/lecoursdelavie.com\\\/wp-content\\\/uploads\\\/2026\\\/04\\\/DSC_0076xm.jpg\",\"@id\":\"https:\\\/\\\/lecoursdelavie.com\\\/?p=61992\\\/#mainImage\",\"width\":686,\"height\":1024},\"primaryImageOfPage\":{\"@id\":\"https:\\\/\\\/lecoursdelavie.com\\\/?p=61992#mainImage\"},\"datePublished\":\"2026-04-12T13:31:56+00:00\",\"dateModified\":\"2026-04-12T13:31:58+00:00\"},{\"@type\":\"WebSite\",\"@id\":\"https:\\\/\\\/lecoursdelavie.com\\\/#website\",\"url\":\"https:\\\/\\\/lecoursdelavie.com\\\/\",\"name\":\"Le cours de la vie\",\"description\":\"Par monts et par vaux, ici et maintenant mais nagu\\u00e8re souvent aussi.\",\"inLanguage\":\"fr-FR\",\"publisher\":{\"@id\":\"https:\\\/\\\/lecoursdelavie.com\\\/#person\"}}]}\n\t\t<\/script>\n\t\t<!-- All in One SEO -->\n\n","aioseo_head_json":{"title":"Cette humanit\u00e9 que je d\u00e9teste. - Le cours de la vie","description":"Il y a l'humanit\u00e9, le monde des hommes et l'humanit\u00e9, le regard humain, ce sentiment compassionnel \u00e0 l'\u00e9gard de ses semblables, c'est cette derni\u00e8re assertion que j'\u00e9voque. Si un jour, je sombrais dans une de ces maladies qui nous plongent dans la d\u00e9pendance et l'obscurit\u00e9, je souhaiterais que quelqu'un m'envoie ad patres car je n'ai","canonical_url":"https:\/\/lecoursdelavie.com\/?p=61992","robots":"max-image-preview:large","keywords":"","webmasterTools":{"miscellaneous":""},"schema":{"@context":"https:\/\/schema.org","@graph":[{"@type":"BlogPosting","@id":"https:\/\/lecoursdelavie.com\/?p=61992#blogposting","name":"Cette humanit\u00e9 que je d\u00e9teste. - Le cours de la vie","headline":"Cette humanit\u00e9 que je d\u00e9teste.","author":{"@id":"https:\/\/lecoursdelavie.com\/?author=1#author"},"publisher":{"@id":"https:\/\/lecoursdelavie.com\/#person"},"image":{"@type":"ImageObject","url":"https:\/\/lecoursdelavie.com\/wp-content\/uploads\/2026\/04\/DSC_0076xm.jpg","width":686,"height":1024},"datePublished":"2026-04-12T13:31:56+00:00","dateModified":"2026-04-12T13:31:58+00:00","inLanguage":"fr-FR","commentCount":2,"mainEntityOfPage":{"@id":"https:\/\/lecoursdelavie.com\/?p=61992#webpage"},"isPartOf":{"@id":"https:\/\/lecoursdelavie.com\/?p=61992#webpage"},"articleSection":"vie"},{"@type":"BreadcrumbList","@id":"https:\/\/lecoursdelavie.com\/?p=61992#breadcrumblist","itemListElement":[{"@type":"ListItem","@id":"https:\/\/lecoursdelavie.com#listItem","position":1,"name":"Accueil","item":"https:\/\/lecoursdelavie.com","nextItem":{"@type":"ListItem","@id":"https:\/\/lecoursdelavie.com\/?cat=34#listItem","name":"vie"}},{"@type":"ListItem","@id":"https:\/\/lecoursdelavie.com\/?cat=34#listItem","position":2,"name":"vie","item":"https:\/\/lecoursdelavie.com\/?cat=34","nextItem":{"@type":"ListItem","@id":"https:\/\/lecoursdelavie.com\/?p=61992#listItem","name":"Cette humanit\u00e9 que je d\u00e9teste."},"previousItem":{"@type":"ListItem","@id":"https:\/\/lecoursdelavie.com#listItem","name":"Accueil"}},{"@type":"ListItem","@id":"https:\/\/lecoursdelavie.com\/?p=61992#listItem","position":3,"name":"Cette humanit\u00e9 que je d\u00e9teste.","previousItem":{"@type":"ListItem","@id":"https:\/\/lecoursdelavie.com\/?cat=34#listItem","name":"vie"}}]},{"@type":"Person","@id":"https:\/\/lecoursdelavie.com\/#person","name":"aratasca","image":{"@type":"ImageObject","@id":"https:\/\/lecoursdelavie.com\/?p=61992#personImage","url":"https:\/\/secure.gravatar.com\/avatar\/bd2af96f3c29ed1dacbbe4ea54cc62e1b945a6adb06a804e612932aaf08ef3f3?s=96&d=mm&r=g","width":96,"height":96,"caption":"aratasca"}},{"@type":"Person","@id":"https:\/\/lecoursdelavie.com\/?author=1#author","url":"https:\/\/lecoursdelavie.com\/?author=1","name":"aratasca","image":{"@type":"ImageObject","@id":"https:\/\/lecoursdelavie.com\/?p=61992#authorImage","url":"https:\/\/secure.gravatar.com\/avatar\/bd2af96f3c29ed1dacbbe4ea54cc62e1b945a6adb06a804e612932aaf08ef3f3?s=96&d=mm&r=g","width":96,"height":96,"caption":"aratasca"}},{"@type":"WebPage","@id":"https:\/\/lecoursdelavie.com\/?p=61992#webpage","url":"https:\/\/lecoursdelavie.com\/?p=61992","name":"Cette humanit\u00e9 que je d\u00e9teste. - Le cours de la vie","description":"Il y a l'humanit\u00e9, le monde des hommes et l'humanit\u00e9, le regard humain, ce sentiment compassionnel \u00e0 l'\u00e9gard de ses semblables, c'est cette derni\u00e8re assertion que j'\u00e9voque. Si un jour, je sombrais dans une de ces maladies qui nous plongent dans la d\u00e9pendance et l'obscurit\u00e9, je souhaiterais que quelqu'un m'envoie ad patres car je n'ai","inLanguage":"fr-FR","isPartOf":{"@id":"https:\/\/lecoursdelavie.com\/#website"},"breadcrumb":{"@id":"https:\/\/lecoursdelavie.com\/?p=61992#breadcrumblist"},"author":{"@id":"https:\/\/lecoursdelavie.com\/?author=1#author"},"creator":{"@id":"https:\/\/lecoursdelavie.com\/?author=1#author"},"image":{"@type":"ImageObject","url":"https:\/\/lecoursdelavie.com\/wp-content\/uploads\/2026\/04\/DSC_0076xm.jpg","@id":"https:\/\/lecoursdelavie.com\/?p=61992\/#mainImage","width":686,"height":1024},"primaryImageOfPage":{"@id":"https:\/\/lecoursdelavie.com\/?p=61992#mainImage"},"datePublished":"2026-04-12T13:31:56+00:00","dateModified":"2026-04-12T13:31:58+00:00"},{"@type":"WebSite","@id":"https:\/\/lecoursdelavie.com\/#website","url":"https:\/\/lecoursdelavie.com\/","name":"Le cours de la vie","description":"Par monts et par vaux, ici et maintenant mais nagu\u00e8re souvent aussi.","inLanguage":"fr-FR","publisher":{"@id":"https:\/\/lecoursdelavie.com\/#person"}}]},"og:locale":"fr_FR","og:site_name":"Le cours de la vie - Par monts et par vaux, ici et maintenant mais nagu\u00e8re souvent aussi.","og:type":"article","og:title":"Cette humanit\u00e9 que je d\u00e9teste. - Le cours de la vie","og:description":"Il y a l'humanit\u00e9, le monde des hommes et l'humanit\u00e9, le regard humain, ce sentiment compassionnel \u00e0 l'\u00e9gard de ses semblables, c'est cette derni\u00e8re assertion que j'\u00e9voque. Si un jour, je sombrais dans une de ces maladies qui nous plongent dans la d\u00e9pendance et l'obscurit\u00e9, je souhaiterais que quelqu'un m'envoie ad patres car je n'ai","og:url":"https:\/\/lecoursdelavie.com\/?p=61992","article:published_time":"2026-04-12T13:31:56+00:00","article:modified_time":"2026-04-12T13:31:58+00:00","twitter:card":"summary","twitter:title":"Cette humanit\u00e9 que je d\u00e9teste. - Le cours de la vie","twitter:description":"Il y a l'humanit\u00e9, le monde des hommes et l'humanit\u00e9, le regard humain, ce sentiment compassionnel \u00e0 l'\u00e9gard de ses semblables, c'est cette derni\u00e8re assertion que j'\u00e9voque. Si un jour, je sombrais dans une de ces maladies qui nous plongent dans la d\u00e9pendance et l'obscurit\u00e9, je souhaiterais que quelqu'un m'envoie ad patres car je n'ai"},"aioseo_meta_data":{"post_id":"61992","title":null,"description":null,"keywords":null,"keyphrases":{"focus":{"keyphrase":"","score":0,"analysis":{"keyphraseInTitle":{"score":0,"maxScore":9,"error":1}}},"additional":[]},"primary_term":null,"canonical_url":null,"og_title":null,"og_description":null,"og_object_type":"default","og_image_type":"default","og_image_url":null,"og_image_width":null,"og_image_height":null,"og_image_custom_url":null,"og_image_custom_fields":null,"og_video":"","og_custom_url":null,"og_article_section":null,"og_article_tags":null,"twitter_use_og":false,"twitter_card":"default","twitter_image_type":"default","twitter_image_url":null,"twitter_image_custom_url":null,"twitter_image_custom_fields":null,"twitter_title":null,"twitter_description":null,"schema":{"blockGraphs":[],"customGraphs":[],"default":{"data":{"Article":[],"Course":[],"Dataset":[],"FAQPage":[],"Movie":[],"Person":[],"Product":[],"ProductReview":[],"Car":[],"Recipe":[],"Service":[],"SoftwareApplication":[],"WebPage":[]},"graphName":"BlogPosting","isEnabled":true},"graphs":[]},"schema_type":"default","schema_type_options":null,"pillar_content":false,"robots_default":true,"robots_noindex":false,"robots_noarchive":false,"robots_nosnippet":false,"robots_nofollow":false,"robots_noimageindex":false,"robots_noodp":false,"robots_notranslate":false,"robots_max_snippet":"-1","robots_max_videopreview":"-1","robots_max_imagepreview":"large","priority":null,"frequency":"default","local_seo":null,"breadcrumb_settings":null,"limit_modified_date":false,"ai":{"faqs":[],"keyPoints":[],"titles":[],"descriptions":[],"socialPosts":{"email":[],"linkedin":[],"twitter":[],"facebook":[],"instagram":[]}},"created":"2025-07-24 04:46:18","updated":"2026-04-12 13:32:59","seo_analyzer_scan_date":null,"focus_keyword":null,"additional_keywords":null,"truseo_locale":null},"aioseo_breadcrumb":"<div class=\"aioseo-breadcrumbs\"><span class=\"aioseo-breadcrumb\">\n\t\t\t<a href=\"https:\/\/lecoursdelavie.com\" title=\"Accueil\">Accueil<\/a>\n\t\t<\/span><span class=\"aioseo-breadcrumb-separator\">&raquo;<\/span><span class=\"aioseo-breadcrumb\">\n\t\t\t<a href=\"https:\/\/lecoursdelavie.com\/?cat=34\" title=\"vie\">vie<\/a>\n\t\t<\/span><span class=\"aioseo-breadcrumb-separator\">&raquo;<\/span><span class=\"aioseo-breadcrumb\">\n\t\t\tCette humanit\u00e9 que je d\u00e9teste.\n\t\t<\/span><\/div>","aioseo_breadcrumb_json":[{"label":"Accueil","link":"https:\/\/lecoursdelavie.com"},{"label":"vie","link":"https:\/\/lecoursdelavie.com\/?cat=34"},{"label":"Cette humanit\u00e9 que je d\u00e9teste.","link":"https:\/\/lecoursdelavie.com\/?p=61992"}],"jetpack_publicize_connections":[],"jetpack_likes_enabled":true,"jetpack_shortlink":"https:\/\/wp.me\/paTogX-g7S","jetpack_sharing_enabled":true,"jetpack_featured_media_url":"https:\/\/lecoursdelavie.com\/wp-content\/uploads\/2026\/04\/DSC_0076xm.jpg","_links":{"self":[{"href":"https:\/\/lecoursdelavie.com\/index.php?rest_route=\/wp\/v2\/posts\/61992","targetHints":{"allow":["GET"]}}],"collection":[{"href":"https:\/\/lecoursdelavie.com\/index.php?rest_route=\/wp\/v2\/posts"}],"about":[{"href":"https:\/\/lecoursdelavie.com\/index.php?rest_route=\/wp\/v2\/types\/post"}],"author":[{"embeddable":true,"href":"https:\/\/lecoursdelavie.com\/index.php?rest_route=\/wp\/v2\/users\/1"}],"replies":[{"embeddable":true,"href":"https:\/\/lecoursdelavie.com\/index.php?rest_route=%2Fwp%2Fv2%2Fcomments&post=61992"}],"version-history":[{"count":27,"href":"https:\/\/lecoursdelavie.com\/index.php?rest_route=\/wp\/v2\/posts\/61992\/revisions"}],"predecessor-version":[{"id":64679,"href":"https:\/\/lecoursdelavie.com\/index.php?rest_route=\/wp\/v2\/posts\/61992\/revisions\/64679"}],"wp:featuredmedia":[{"embeddable":true,"href":"https:\/\/lecoursdelavie.com\/index.php?rest_route=\/wp\/v2\/media\/64646"}],"wp:attachment":[{"href":"https:\/\/lecoursdelavie.com\/index.php?rest_route=%2Fwp%2Fv2%2Fmedia&parent=61992"}],"wp:term":[{"taxonomy":"category","embeddable":true,"href":"https:\/\/lecoursdelavie.com\/index.php?rest_route=%2Fwp%2Fv2%2Fcategories&post=61992"},{"taxonomy":"post_tag","embeddable":true,"href":"https:\/\/lecoursdelavie.com\/index.php?rest_route=%2Fwp%2Fv2%2Ftags&post=61992"}],"curies":[{"name":"wp","href":"https:\/\/api.w.org\/{rel}","templated":true}]}}