{"id":4663,"date":"2014-04-26T16:00:34","date_gmt":"2014-04-26T15:00:34","guid":{"rendered":"http:\/\/simonu.blog.lemonde.fr\/?p=4663"},"modified":"2014-04-26T16:00:34","modified_gmt":"2014-04-26T15:00:34","slug":"adaptabilite-remarquable-interchangeable-a-souhait","status":"publish","type":"post","link":"https:\/\/lecoursdelavie.com\/?p=4663","title":{"rendered":"Adaptabilit\u00e9 remarquable, interchangeable \u00e0 souhait."},"content":{"rendered":"<p><span style=\"font-family:Calibri;font-size:small;\"><span style=\"color:#000000;\"><a href=\"http:\/\/simonuhome.files.wordpress.com\/2014\/04\/26072-magagne.jpg\"><img loading=\"lazy\" decoding=\"async\" class=\"alignleft size-medium wp-image-4664\" alt=\"magagne\" src=\"http:\/\/simonu.blog.lemonde.fr\/files\/2014\/04\/magagne-300x266.jpg\" width=\"300\" height=\"266\" \/><\/a>Najat Vallaud Belkacem<\/span><span style=\"color:#000000;\">\u00a0 <\/span><span style=\"color:#000000;\">est une femme cam\u00e9l\u00e9on. On peut la changer de place \u00e0 souhait dans un gouvernement, aucun probl\u00e8me, sit\u00f4t nomm\u00e9e sit\u00f4t dans son r\u00f4le. Elle a tout pour elle. La jeunesse, la beaut\u00e9, l\u2019adaptabilit\u00e9, seul son sourire qui devrait exprimer plus de joie communicative se contente de ponctuer gentiment des choses trop s\u00e9rieuses. Elle est toujours tr\u00e8s stricte dans ses interventions t\u00e9l\u00e9vis\u00e9es. C\u2019est extraordinaire, de voir une telle c\u00e9l\u00e9rit\u00e9 dans l\u2019aptitude \u00e0 habiter une fonction toute fra\u00eeche. Une aptitude peu commune.<\/span><\/span><\/p>\n<p><span style=\"color:#000000;font-family:Calibri;font-size:small;\">La toute neuve secr\u00e9taire d\u2019\u00e9tat aux sports est entr\u00e9e de plain-pied, un ballon \u00e0 la main pour la cr\u00e9dibilit\u00e9, dans son nouveau r\u00f4le. Sa parole est facile, normal pour celle qui a port\u00e9 longtemps celle du gouvernement. Entendez-l\u00e0, r\u00e9pondant \u00e0 un journaliste du Monde qui lui demande si elle sera pr\u00e9sente \u00e0 la Coupe du Monde au Br\u00e9sil\u00a0:<\/span><\/p>\n<p><span style=\"font-size:small;\"><i><span style=\"color:#000000;font-family:Calibri;\">\u00ab\u00a0Bien s\u00fbr. Je serai pr\u00e9sente d\u00e8s le premier match comme premi\u00e8re supportrice des Bleus, et j&rsquo;aimerais pouvoir revenir en quarts pour les accompagner jusqu&rsquo;en finale\u00a0! Et j&rsquo;esp\u00e8re \u00e9videmment qu&rsquo;ils vont gagner. Au-del\u00e0 des r\u00e9sultats, je souhaite que le Mondial soit un moment de coh\u00e9sion derri\u00e8re nos couleurs. Un moment de cocorico. Je pense que le pays a vraiment besoin de cela.\u00a0\u00bb<\/span><\/i><\/span><\/p>\n<p><span style=\"color:#000000;font-family:Calibri;font-size:small;\">Dommage que le journaliste ne l\u2019ai pas interrog\u00e9e sur les p\u00e9naltys. Elle \u00e9tait bien capable de nous faire une d\u00e9monstration, nous parler des coups bross\u00e9s du vieux Kopa, nous affirmer qu\u2019un contre-pied \u00e7a n\u2019existe plus puisque le gardien choisit un c\u00f4t\u00e9 d\u2019office pour plonger. Ce n\u2019est donc pas le tireur de p\u00e9nalty qui l\u2019a tromp\u00e9\u2026 Oui, quel dommage\u00a0!<\/span><\/p>\n<p><span style=\"font-family:Calibri;font-size:small;\"><span style=\"color:#000000;\">Cette jeune dame a la gagne au c\u0153ur, le sourire au s\u00e9rieux et la parole rassurante. Bien s\u00fbr, elle est capable de s\u2019assombrir comme tout le monde, elle est humaine tout de m\u00eame. Glissez donc un Sarkozy dans la discussion et vous la verrez perdre son joli sourire instantan\u00e9ment puis sortir des paroles moins douces et moins r\u00e9jouissantes. Comme M. Jourdain, elle dit les voyelles \u00e0 la perfection, voyez comme elle forme bien ses O et ses E, comme ses l\u00e8vres sont bien arrondies. Elle s\u2019applique \u00e0 bien marteler ses mots pour qu\u2019aucun doute ne subsiste sur ses convictions\u00a0: elle est bien dans le camp de gauche, toute enti\u00e8re et sans langue de bois. Langue de bois, langue de bois\u2026 \u00e7a ne se voit presque plus tant elle est pass\u00e9e experte en<\/span><span style=\"color:#000000;\">\u00a0 <\/span><span style=\"color:#000000;\">l\u2019art.<\/span><\/span><\/p>\n<p><span style=\"color:#000000;font-family:Calibri;\"><span style=\"font-size:small;\">On pourra dire ce qu\u2019on veut, on ne risque pas de la prendre en d\u00e9faut et je tiens le pari qu\u2019elle deviendra tr\u00e8s rapidement une \u00e9l\u00e9phante du PS. Une vieille \u00e9l\u00e9phante en pleine jeunesse mais pour l\u2019instant, elle ne barrit pas encore trop fort au sein du parti.<\/span> <\/span><\/p>\n<p><i><span style=\"color:#000000;font-family:Calibri;\">\u00a0<\/span><\/i><\/p>\n","protected":false},"excerpt":{"rendered":"<p>Najat Vallaud Belkacem\u00a0 est une femme cam\u00e9l\u00e9on. On peut la changer de place \u00e0 souhait dans un gouvernement, aucun probl\u00e8me, sit\u00f4t nomm\u00e9e sit\u00f4t dans son r\u00f4le. Elle a tout pour elle. La jeunesse, la beaut\u00e9, l\u2019adaptabilit\u00e9, seul son sourire qui devrait exprimer plus de joie communicative se contente de ponctuer gentiment des choses trop s\u00e9rieuses.<a class=\"more-link\" href=\"https:\/\/lecoursdelavie.com\/?p=4663\">Lire la suite de <span class=\"screen-reader-text\">\u00ab\u00a0Adaptabilit\u00e9 remarquable, interchangeable \u00e0 souhait.\u00a0\u00bb<\/span><\/a><\/p>\n","protected":false},"author":1,"featured_media":0,"comment_status":"open","ping_status":"closed","sticky":false,"template":"","format":"standard","meta":{"_crdt_document":"","_monsterinsights_skip_tracking":false,"_monsterinsights_sitenote_active":false,"_monsterinsights_sitenote_note":"","_monsterinsights_sitenote_category":0,"_jetpack_newsletter_access":"","_jetpack_dont_email_post_to_subs":false,"_jetpack_newsletter_tier_id":0,"_jetpack_memberships_contains_paywalled_content":false,"_jetpack_memberships_contains_paid_content":false,"footnotes":"","jetpack_publicize_message":"","jetpack_publicize_feature_enabled":true,"jetpack_social_post_already_shared":false,"jetpack_social_options":{"image_generator_settings":{"template":"highway","default_image_id":0,"font":"","enabled":false},"version":2},"jetpack_post_was_ever_published":false},"categories":[2],"tags":[660,1259,1842],"class_list":["post-4663","post","type-post","status-publish","format-standard","hentry","category-actualite","tag-gouvernement","tag-ministre-des-sports","tag-vallaus-belkacem"],"aioseo_notices":[],"jetpack_publicize_connections":[],"jetpack_featured_media_url":"","jetpack_likes_enabled":true,"jetpack_shortlink":"https:\/\/wp.me\/paTogX-1dd","jetpack_sharing_enabled":true,"_links":{"self":[{"href":"https:\/\/lecoursdelavie.com\/index.php?rest_route=\/wp\/v2\/posts\/4663","targetHints":{"allow":["GET"]}}],"collection":[{"href":"https:\/\/lecoursdelavie.com\/index.php?rest_route=\/wp\/v2\/posts"}],"about":[{"href":"https:\/\/lecoursdelavie.com\/index.php?rest_route=\/wp\/v2\/types\/post"}],"author":[{"embeddable":true,"href":"https:\/\/lecoursdelavie.com\/index.php?rest_route=\/wp\/v2\/users\/1"}],"replies":[{"embeddable":true,"href":"https:\/\/lecoursdelavie.com\/index.php?rest_route=%2Fwp%2Fv2%2Fcomments&post=4663"}],"version-history":[{"count":0,"href":"https:\/\/lecoursdelavie.com\/index.php?rest_route=\/wp\/v2\/posts\/4663\/revisions"}],"wp:attachment":[{"href":"https:\/\/lecoursdelavie.com\/index.php?rest_route=%2Fwp%2Fv2%2Fmedia&parent=4663"}],"wp:term":[{"taxonomy":"category","embeddable":true,"href":"https:\/\/lecoursdelavie.com\/index.php?rest_route=%2Fwp%2Fv2%2Fcategories&post=4663"},{"taxonomy":"post_tag","embeddable":true,"href":"https:\/\/lecoursdelavie.com\/index.php?rest_route=%2Fwp%2Fv2%2Ftags&post=4663"}],"curies":[{"name":"wp","href":"https:\/\/api.w.org\/{rel}","templated":true}]}}