{"id":11158,"date":"2018-04-19T15:05:28","date_gmt":"2018-04-19T14:05:28","guid":{"rendered":"http:\/\/simonu.blog.lemonde.fr\/?p=11158"},"modified":"2018-04-19T15:05:28","modified_gmt":"2018-04-19T14:05:28","slug":"pervenche","status":"publish","type":"post","link":"https:\/\/lecoursdelavie.com\/?p=11158","title":{"rendered":"Pervenche."},"content":{"rendered":"<p style=\"text-align:justify;\">Il n\u2019est point besoin de toujours partir avec l\u2019id\u00e9e de faire une bonne trouvaille photographique. Une image qui parle et vous dit des choses ne se cherche pas, elle advient et s\u2019impose. C\u2019est elle qui prend la parole. Le pr\u00e9alable trop pens\u00e9 ou trop dirig\u00e9 \u00f4te toute spontan\u00e9it\u00e9 dans les rencontres et supprime l\u2019effet de surprise qui renforce le plaisir de la d\u00e9couverte soudaine. Point besoin non plus de partir \u00e0 l\u2019aventure avec un gros appareil du dernier cri. Celui-l\u00e0, mais pas du dernier cri, je l\u2019embarque uniquement lorsque j\u2019ai rep\u00e9r\u00e9 un sujet qui m\u2019int\u00e9resse et que je souhaite d\u00e9velopper en taquinant les effets qui m\u2019inspirent. Le plus souvent, j\u2019ai dans ma poche, un petit compact, un minus. Il dort et patiente dans l\u2019ombre, n\u2019attire aucun regard sur lui. Je sais qu\u2019il est disponible \u00e0 tout moment. Avec les smartphones cela va de soi mais je ne poss\u00e8de pas de portable, je pr\u00e9f\u00e8re vivre <em>l\u2019ici et maintenant<\/em> que le <em>maintenant l\u00e0-bas<\/em> avec une voix au bout du fil trop fr\u00e9quemment. Ce n\u2019est pas une critique mais un choix de vie, <em>l\u2019avant et le l\u00e0-bas<\/em> , je les r\u00e9serve \u00e0 mes retours sur le pass\u00e9 lorsque l\u2019envie d\u2019\u00e9crire survient et elle survient souvent, presque une seconde nature.<\/p>\n<p style=\"text-align:justify;\"><a href=\"http:\/\/simonuhome.files.wordpress.com\/2018\/04\/be9a6-dsc_1480.jpg\"><img loading=\"lazy\" decoding=\"async\" class=\"alignleft size-medium wp-image-11162\" src=\"http:\/\/simonu.blog.lemonde.fr\/files\/2018\/04\/DSC_1480-300x200.jpg\" alt=\"\" width=\"300\" height=\"200\" \/><\/a>Ce matin, je remontais du jardin nonchalamment, le regard un peu fouineur dans les herbes bien hautes d\u00e9j\u00e0, car l\u2019hiver et le d\u00e9but du printemps ont beaucoup pleur\u00e9. Ce ne sont que sourires d\u00e9sormais dans la nature. L\u2019explosion est \u00e9quatoriale. Pas une plante sauvage ne manque \u00e0 l\u2019appel de la chaleur enfin revenue. En haut des marches qui conduisent \u00e0 la maison, juste au ras du sol visible d\u2019un degr\u00e9 inf\u00e9rieur de l\u2019escalier \u00e0 hauteur d\u2019yeux, j\u2019ai cru voir des milliers de soleils radieux jaunissant un gazon d\u2019ordinaire bien vert et plut\u00f4t ras. Une jaunisse g\u00e9n\u00e9ralis\u00e9e, de l\u2019or partout, \u00e9claboussaient les herbes folles. A cette vision, comme par magie enchant\u00e9e, transform\u00e9 en lilliputien, je me frayais un chemin au c\u0153ur d\u2019une v\u00e9g\u00e9tation luxuriante \u00e0 la conqu\u00eate de l\u2019\u00e2me bleue.<\/p>\n<p style=\"text-align:justify;\">Le r\u00eave est au fond des yeux, s\u2019\u00e9vade des mirettes et puis vadrouille.<\/p>\n<p style=\"text-align:justify;\"><a href=\"http:\/\/simonuhome.files.wordpress.com\/2018\/04\/6fd9c-dsc_1473.jpg\"><img loading=\"lazy\" decoding=\"async\" class=\"alignleft size-medium wp-image-11163\" src=\"http:\/\/simonu.blog.lemonde.fr\/files\/2018\/04\/DSC_1473-300x211.jpg\" alt=\"\" width=\"300\" height=\"211\" \/><\/a>Devenu minuscule, je levais mes pupilles au ciel pour admirer toutes ces ombrelles citronn\u00e9es, et celles ros\u00e9es qui parsemaient les sous-pissenlits. Quelques rares fumeterres endimanch\u00e9es tiraient leur cou de girafe au-dessus de la m\u00eal\u00e9e, p\u00e9niblement, pour voir l\u2019horizon. Au pied, juste au pied de la table de bar abandonn\u00e9e, \u00e0 c\u00f4t\u00e9 de son squelette de bronze ou de fonte encore recouvert de peinture verte, je devinais le bleu, un azur teint\u00e9 de violet autour d\u2019un c\u0153ur bord\u00e9 d\u2019un l\u00e9ger lavis blanc. On aurait dit une reine qui d\u00e9ploie sa parabole vers les cieux. Est-elle d\u00e9sesp\u00e9r\u00e9e, en pleine solitude au milieu de la savane ou chante-t-elle sa joie de dominer le paradis dor\u00e9 ? Elle n\u2019est pas noy\u00e9e, elle n\u2019est pas perdue, bien au contraire on ne voit qu\u2019elle. L\u2019atmosph\u00e8re poudr\u00e9e de jaune la d\u00e9signe, toutes corolles tourn\u00e9es vers elle et semble l\u2019admirer.<\/p>\n<p style=\"text-align:justify;\"><a href=\"http:\/\/simonuhome.files.wordpress.com\/2018\/04\/f0aa8-dsc_1472.jpg\"><img loading=\"lazy\" decoding=\"async\" class=\"alignleft size-medium wp-image-11164\" src=\"http:\/\/simonu.blog.lemonde.fr\/files\/2018\/04\/DSC_1472-270x300.jpg\" alt=\"\" width=\"270\" height=\"300\" \/><\/a>Alors, dans ce d\u00e9cor dor\u00e9, la coquette se pavane en humant l\u2019air d\u00e9j\u00e0 chaud d\u2019un matin de printemps. Dans sa corolle \u00e9tal\u00e9e, son c\u0153ur de pervenche trompette le silence bleu.<\/p>\n<p><em>(Cliquez sur les images)<\/em><\/p>\n","protected":false},"excerpt":{"rendered":"<p>Il n\u2019est point besoin de toujours partir avec l\u2019id\u00e9e de faire une bonne trouvaille photographique. Une image qui parle et vous dit des choses ne se cherche pas, elle advient et s\u2019impose. C\u2019est elle qui prend la parole. Le pr\u00e9alable trop pens\u00e9 ou trop dirig\u00e9 \u00f4te toute spontan\u00e9it\u00e9 dans les rencontres et supprime l\u2019effet de<a class=\"more-link\" href=\"https:\/\/lecoursdelavie.com\/?p=11158\">Lire la suite de <span class=\"screen-reader-text\">\u00ab\u00a0Pervenche.\u00a0\u00bb<\/span><\/a><\/p>\n","protected":false},"author":1,"featured_media":0,"comment_status":"open","ping_status":"closed","sticky":false,"template":"","format":"standard","meta":{"_crdt_document":"","_monsterinsights_skip_tracking":false,"_monsterinsights_sitenote_active":false,"_monsterinsights_sitenote_note":"","_monsterinsights_sitenote_category":0,"_jetpack_newsletter_access":"","_jetpack_dont_email_post_to_subs":false,"_jetpack_newsletter_tier_id":0,"_jetpack_memberships_contains_paywalled_content":false,"_jetpack_memberships_contains_paid_content":false,"footnotes":"","jetpack_publicize_message":"","jetpack_publicize_feature_enabled":true,"jetpack_social_post_already_shared":false,"jetpack_social_options":{"image_generator_settings":{"template":"highway","default_image_id":0,"font":"","enabled":false},"version":2},"jetpack_post_was_ever_published":false},"categories":[2],"tags":[1422,1455,1519],"class_list":["post-11158","post","type-post","status-publish","format-standard","hentry","category-actualite","tag-pervenche","tag-pissenlit","tag-printemps"],"aioseo_notices":[],"jetpack_publicize_connections":[],"jetpack_featured_media_url":"","jetpack_likes_enabled":true,"jetpack_shortlink":"https:\/\/wp.me\/paTogX-2TY","jetpack_sharing_enabled":true,"_links":{"self":[{"href":"https:\/\/lecoursdelavie.com\/index.php?rest_route=\/wp\/v2\/posts\/11158","targetHints":{"allow":["GET"]}}],"collection":[{"href":"https:\/\/lecoursdelavie.com\/index.php?rest_route=\/wp\/v2\/posts"}],"about":[{"href":"https:\/\/lecoursdelavie.com\/index.php?rest_route=\/wp\/v2\/types\/post"}],"author":[{"embeddable":true,"href":"https:\/\/lecoursdelavie.com\/index.php?rest_route=\/wp\/v2\/users\/1"}],"replies":[{"embeddable":true,"href":"https:\/\/lecoursdelavie.com\/index.php?rest_route=%2Fwp%2Fv2%2Fcomments&post=11158"}],"version-history":[{"count":0,"href":"https:\/\/lecoursdelavie.com\/index.php?rest_route=\/wp\/v2\/posts\/11158\/revisions"}],"wp:attachment":[{"href":"https:\/\/lecoursdelavie.com\/index.php?rest_route=%2Fwp%2Fv2%2Fmedia&parent=11158"}],"wp:term":[{"taxonomy":"category","embeddable":true,"href":"https:\/\/lecoursdelavie.com\/index.php?rest_route=%2Fwp%2Fv2%2Fcategories&post=11158"},{"taxonomy":"post_tag","embeddable":true,"href":"https:\/\/lecoursdelavie.com\/index.php?rest_route=%2Fwp%2Fv2%2Ftags&post=11158"}],"curies":[{"name":"wp","href":"https:\/\/api.w.org\/{rel}","templated":true}]}}